{"id":6672,"date":"2021-07-01T20:38:40","date_gmt":"2021-07-01T18:38:40","guid":{"rendered":"http:\/\/s880915159.onlinehome.fr\/TransAlps2023\/?p=6672"},"modified":"2022-09-28T16:09:27","modified_gmt":"2022-09-28T14:09:27","slug":"etape-1-kitzbuhel-kitzbuhel","status":"publish","type":"post","link":"http:\/\/www.trans-alps-rally.com\/en\/etape-1-kitzbuhel-kitzbuhel\/","title":{"rendered":"30 june: STAGE 1 \/ KITZB\u00dcHEL &#8211; KITZB\u00dcHEL"},"content":{"rendered":"<h2 style=\"margin-bottom: 0px;\"><span style=\"color: #000;\">30 june: STAGE 1 \/ KITZB\u00dcHEL &#8211; KITZB\u00dcHEL<\/span><\/h2>\r\n<div class=\"su-spacer\" style=\"height:20px\"><\/div>\r\n\r\n\r\n<a href=\"http:\/\/s880915159.onlinehome.fr\/TransAlps2023\/wp-content\/uploads\/2021\/06\/TransAlpsRally2021-30juin-0007.jpg\" data-rel=\"lightbox-image-0\" data-rl_title=\"\" data-rl_caption=\"\" title=\"\"><img decoding=\"async\" src=\"http:\/\/s880915159.onlinehome.fr\/TransAlps2023\/wp-content\/uploads\/2021\/06\/TransAlpsRally2021-30juin-0007-1024x373.jpg\" alt=\"\" width=\"450\" class=\"alignright size-large wp-image-6662\" srcset=\"http:\/\/www.trans-alps-rally.com\/wp-content\/uploads\/2021\/06\/TransAlpsRally2021-30juin-0007-1024x373.jpg 1024w, http:\/\/www.trans-alps-rally.com\/wp-content\/uploads\/2021\/06\/TransAlpsRally2021-30juin-0007-300x109.jpg 300w, http:\/\/www.trans-alps-rally.com\/wp-content\/uploads\/2021\/06\/TransAlpsRally2021-30juin-0007-768x280.jpg 768w, http:\/\/www.trans-alps-rally.com\/wp-content\/uploads\/2021\/06\/TransAlpsRally2021-30juin-0007-1536x560.jpg 1536w, http:\/\/www.trans-alps-rally.com\/wp-content\/uploads\/2021\/06\/TransAlpsRally2021-30juin-0007.jpg 1920w\" sizes=\"(max-width: 1024px) 100vw, 1024px\" \/><\/a>The first stage of the Trans-Alps Rally, looping around Kitzb\u00fchel, offered a route leading first to Zell am See, stronghold of the Porsche dynasty where Ferdinand and Ferry Porsche are based and where the Porsche Design studio has also been established for many years.\r\n<br><br>\r\nThis passage through the valley then marked the starting point of the &#8220;Hochalpenstrasse&#8221; dominated by the most majestic peaks in the region culminating at more than 3500m altitude, and thus cross the highest pass in Austria: the Grossglockner.\r\n<br><br>\r\nA first passage control was then organized at the foot of the pass where the competitors were able to compete for a few kilometers on occasion during the first regularity stage of the rally, established uphill on a steep course, made of hairpins.\r\n<br><br>\r\n<a href=\"http:\/\/s880915159.onlinehome.fr\/TransAlps2023\/wp-content\/uploads\/2021\/06\/TransAlpsRally2021-30juin-0019-1.jpg\" data-rel=\"lightbox-image-1\" data-rl_title=\"\" data-rl_caption=\"\" title=\"\"><img decoding=\"async\" src=\"http:\/\/s880915159.onlinehome.fr\/TransAlps2023\/wp-content\/uploads\/2021\/06\/TransAlpsRally2021-30juin-0019-1-1024x373.jpg\" alt=\"\" width=\"450\" class=\"alignleft size-large wp-image-6664\" srcset=\"http:\/\/www.trans-alps-rally.com\/wp-content\/uploads\/2021\/06\/TransAlpsRally2021-30juin-0019-1-1024x373.jpg 1024w, http:\/\/www.trans-alps-rally.com\/wp-content\/uploads\/2021\/06\/TransAlpsRally2021-30juin-0019-1-300x109.jpg 300w, http:\/\/www.trans-alps-rally.com\/wp-content\/uploads\/2021\/06\/TransAlpsRally2021-30juin-0019-1-768x280.jpg 768w, http:\/\/www.trans-alps-rally.com\/wp-content\/uploads\/2021\/06\/TransAlpsRally2021-30juin-0019-1-1536x560.jpg 1536w, http:\/\/www.trans-alps-rally.com\/wp-content\/uploads\/2021\/06\/TransAlpsRally2021-30juin-0019-1.jpg 1920w\" sizes=\"(max-width: 1024px) 100vw, 1024px\" \/><\/a>As the ascent of the Grossglockner unfolded in the clouds, the blue sky and the rays of the sun were going to accompany us until the lunch, organized not far from Lienz, at the turn of a very welcoming village, called Heiligenblut.\r\n<br><br>\r\nThe afternoon was certainly more unique but offered just as many &#8220;impeccable&#8221; landscapes bordered by beautifully maintained chalets, which only Austrians have the secret to returning to Kitzb\u00fchel.\r\n<br><br>\r\nNow is the time to enjoy a well-deserved rest at the Kempinski Das Tirol hotel before meeting tomorrow morning for the start of the second stage towards Solden and the famous Rettenbach glacier.\r\n<div class=\"su-spacer\" style=\"height:20px\"><\/div>\r\n\r\n\r\n\r\n<table width=\"100%\" border=\"0\" cellpadding=\"0\" cellspacing=\"0\">\r\n          <tbody>\r\n            <tr>\r\n              <td width=\"61%\" style=\"vertical-align: top; font-family: Arial; font-size: 13px;\"><p><span style=\"color: #888; font-size: 18px;\"><strong>Classement du jour <\/strong><\/span><strong><br \/>\r\n                        <br \/>\r\n                Cat\u00e9gorie Classics<\/strong><br \/>\r\n1 ARLAUD Jean-Michel \/ ALRLAUD Marie-Fran\u00e7oise (PORSCHE 911 2,4S)<br \/>\r\n2 DESTAS Jean-Marc \/ DESTAS Brigitte (PORSCHE 911)<br \/>\r\n3 FANARA Nano \/ FANARA S\u00e9verine (ALFA ROMEO Coup\u00e9 Bertone)<br \/>\r\n                <strong>Cat\u00e9gorie Prestiges<\/strong><br \/>\r\n1 BINET Rapha\u00ebl \/ BINET Claire (TOYOTA Supra)<br \/>\r\n2 CHELI Nicolas \/ LECOANET Aur\u00e9lie (TOYOTA Supra)<br \/>\r\n3 PICCIOLONI Jacques \/ PICCIOLONI Brigitte (BMW Z3M)<\/p><\/td>\r\n              \r\n            <\/tr>\r\n            <tr>\r\n              <td colspan=\"2\" style=\"vertical-align: top; font-family: Arial; font-size: 13px;\"><table border=\"0\" cellpadding=\"0\" cellspacing=\"0\" width=\"100%\" style=\"margin-top: 7px;\">\r\n                  <tbody>\r\n                    <tr>\r\n                      <td style=\"background-color: #eee; text-align: center; color: #000; font-family: Arial; font-size: 13px; padding: 15px 0;\"><a href=\"http:\/\/s880915159.onlinehome.fr\/TransAlps2023\/wp-content\/uploads\/2021\/06\/TRANSALP2021-CLASSEMENTS-ETAPE1.pdf\" target=\"_blank\" style=\"color: #CF4726; text-decoration: none;\" rel=\"noopener noreferrer\"><strong>Classement du jour &#8211; Day Ranking<\/strong><\/a><\/td>\r\n                    <\/tr>\r\n                  <\/tbody>\r\n              <\/table><\/td>\r\n            <\/tr>\r\n          <\/tbody>\r\n        <\/table>\r\n\r\n<div class=\"su-spacer\" style=\"height:20px\"><\/div>\r\n\n\t\t<style type=\"text\/css\">\n\t\t\t#gallery-1 {\n\t\t\t\tmargin: auto;\n\t\t\t}\n\t\t\t#gallery-1 .gallery-item {\n\t\t\t\tfloat: left;\n\t\t\t\tmargin-top: 10px;\n\t\t\t\ttext-align: center;\n\t\t\t\twidth: 33%;\n\t\t\t}\n\t\t\t#gallery-1 img {\n\t\t\t\tborder: 2px solid #cfcfcf;\n\t\t\t}\n\t\t\t#gallery-1 .gallery-caption {\n\t\t\t\tmargin-left: 0;\n\t\t\t}\n\t\t\t\/* see gallery_shortcode() in wp-includes\/media.php *\/\n\t\t<\/style>\n\t\t<div id='gallery-1' class='gallery galleryid-6672 gallery-columns-3 gallery-size-medium'><dl class='gallery-item'>\n\t\t\t<dt class='gallery-icon landscape'>\n\t\t\t\t<a href='http:\/\/www.trans-alps-rally.com\/wp-content\/uploads\/2021\/06\/TransAlpsRally2021-29juin-0066.jpg' title=\"\" data-rl_title=\"\" class=\"rl-gallery-link\" data-rl_caption=\"\" data-rel=\"lightbox-gallery-1\"><img width=\"300\" height=\"200\" src=\"http:\/\/www.trans-alps-rally.com\/wp-content\/uploads\/2021\/06\/TransAlpsRally2021-29juin-0066-300x200.jpg\" class=\"attachment-medium size-medium\" alt=\"\" decoding=\"async\" loading=\"lazy\" srcset=\"http:\/\/www.trans-alps-rally.com\/wp-content\/uploads\/2021\/06\/TransAlpsRally2021-29juin-0066-300x200.jpg 300w, http:\/\/www.trans-alps-rally.com\/wp-content\/uploads\/2021\/06\/TransAlpsRally2021-29juin-0066-1024x682.jpg 1024w, http:\/\/www.trans-alps-rally.com\/wp-content\/uploads\/2021\/06\/TransAlpsRally2021-29juin-0066-768x511.jpg 768w, http:\/\/www.trans-alps-rally.com\/wp-content\/uploads\/2021\/06\/TransAlpsRally2021-29juin-0066-272x182.jpg 272w, http:\/\/www.trans-alps-rally.com\/wp-content\/uploads\/2021\/06\/TransAlpsRally2021-29juin-0066.jpg 1200w\" sizes=\"(max-width: 300px) 100vw, 300px\" \/><\/a>\n\t\t\t<\/dt><\/dl><dl class='gallery-item'>\n\t\t\t<dt class='gallery-icon landscape'>\n\t\t\t\t<a href='http:\/\/www.trans-alps-rally.com\/wp-content\/uploads\/2021\/06\/TransAlpsRally2021-29juin-0003.jpg' title=\"\" data-rl_title=\"\" class=\"rl-gallery-link\" data-rl_caption=\"\" data-rel=\"lightbox-gallery-1\"><img width=\"300\" height=\"200\" src=\"http:\/\/www.trans-alps-rally.com\/wp-content\/uploads\/2021\/06\/TransAlpsRally2021-29juin-0003-300x200.jpg\" class=\"attachment-medium size-medium\" alt=\"\" decoding=\"async\" loading=\"lazy\" srcset=\"http:\/\/www.trans-alps-rally.com\/wp-content\/uploads\/2021\/06\/TransAlpsRally2021-29juin-0003-300x200.jpg 300w, http:\/\/www.trans-alps-rally.com\/wp-content\/uploads\/2021\/06\/TransAlpsRally2021-29juin-0003-1024x682.jpg 1024w, http:\/\/www.trans-alps-rally.com\/wp-content\/uploads\/2021\/06\/TransAlpsRally2021-29juin-0003-768x511.jpg 768w, http:\/\/www.trans-alps-rally.com\/wp-content\/uploads\/2021\/06\/TransAlpsRally2021-29juin-0003-272x182.jpg 272w, http:\/\/www.trans-alps-rally.com\/wp-content\/uploads\/2021\/06\/TransAlpsRally2021-29juin-0003.jpg 1200w\" sizes=\"(max-width: 300px) 100vw, 300px\" \/><\/a>\n\t\t\t<\/dt><\/dl><dl class='gallery-item'>\n\t\t\t<dt class='gallery-icon landscape'>\n\t\t\t\t<a href='http:\/\/www.trans-alps-rally.com\/wp-content\/uploads\/2021\/06\/TransAlpsRally2021-29juin-0005.jpg' title=\"\" data-rl_title=\"\" class=\"rl-gallery-link\" data-rl_caption=\"\" data-rel=\"lightbox-gallery-1\"><img width=\"300\" height=\"200\" src=\"http:\/\/www.trans-alps-rally.com\/wp-content\/uploads\/2021\/06\/TransAlpsRally2021-29juin-0005-300x200.jpg\" class=\"attachment-medium size-medium\" alt=\"\" decoding=\"async\" loading=\"lazy\" srcset=\"http:\/\/www.trans-alps-rally.com\/wp-content\/uploads\/2021\/06\/TransAlpsRally2021-29juin-0005-300x200.jpg 300w, http:\/\/www.trans-alps-rally.com\/wp-content\/uploads\/2021\/06\/TransAlpsRally2021-29juin-0005-1024x682.jpg 1024w, http:\/\/www.trans-alps-rally.com\/wp-content\/uploads\/2021\/06\/TransAlpsRally2021-29juin-0005-768x511.jpg 768w, http:\/\/www.trans-alps-rally.com\/wp-content\/uploads\/2021\/06\/TransAlpsRally2021-29juin-0005-272x182.jpg 272w, http:\/\/www.trans-alps-rally.com\/wp-content\/uploads\/2021\/06\/TransAlpsRally2021-29juin-0005.jpg 1200w\" sizes=\"(max-width: 300px) 100vw, 300px\" \/><\/a>\n\t\t\t<\/dt><\/dl><br style=\"clear: both\" \/><dl class='gallery-item'>\n\t\t\t<dt class='gallery-icon landscape'>\n\t\t\t\t<a href='http:\/\/www.trans-alps-rally.com\/wp-content\/uploads\/2021\/06\/TransAlpsRally2021-29juin-0008-1.jpg' title=\"\" data-rl_title=\"\" class=\"rl-gallery-link\" data-rl_caption=\"\" data-rel=\"lightbox-gallery-1\"><img width=\"300\" height=\"200\" src=\"http:\/\/www.trans-alps-rally.com\/wp-content\/uploads\/2021\/06\/TransAlpsRally2021-29juin-0008-1-300x200.jpg\" class=\"attachment-medium size-medium\" alt=\"\" decoding=\"async\" loading=\"lazy\" srcset=\"http:\/\/www.trans-alps-rally.com\/wp-content\/uploads\/2021\/06\/TransAlpsRally2021-29juin-0008-1-300x200.jpg 300w, http:\/\/www.trans-alps-rally.com\/wp-content\/uploads\/2021\/06\/TransAlpsRally2021-29juin-0008-1-1024x682.jpg 1024w, http:\/\/www.trans-alps-rally.com\/wp-content\/uploads\/2021\/06\/TransAlpsRally2021-29juin-0008-1-768x511.jpg 768w, http:\/\/www.trans-alps-rally.com\/wp-content\/uploads\/2021\/06\/TransAlpsRally2021-29juin-0008-1-272x182.jpg 272w, http:\/\/www.trans-alps-rally.com\/wp-content\/uploads\/2021\/06\/TransAlpsRally2021-29juin-0008-1.jpg 1200w\" sizes=\"(max-width: 300px) 100vw, 300px\" \/><\/a>\n\t\t\t<\/dt><\/dl><dl class='gallery-item'>\n\t\t\t<dt class='gallery-icon landscape'>\n\t\t\t\t<a href='http:\/\/www.trans-alps-rally.com\/wp-content\/uploads\/2021\/06\/TransAlpsRally2021-29juin-0012-1.jpg' title=\"\" data-rl_title=\"\" class=\"rl-gallery-link\" data-rl_caption=\"\" data-rel=\"lightbox-gallery-1\"><img width=\"300\" height=\"200\" src=\"http:\/\/www.trans-alps-rally.com\/wp-content\/uploads\/2021\/06\/TransAlpsRally2021-29juin-0012-1-300x200.jpg\" class=\"attachment-medium size-medium\" alt=\"\" decoding=\"async\" loading=\"lazy\" srcset=\"http:\/\/www.trans-alps-rally.com\/wp-content\/uploads\/2021\/06\/TransAlpsRally2021-29juin-0012-1-300x200.jpg 300w, http:\/\/www.trans-alps-rally.com\/wp-content\/uploads\/2021\/06\/TransAlpsRally2021-29juin-0012-1-1024x682.jpg 1024w, http:\/\/www.trans-alps-rally.com\/wp-content\/uploads\/2021\/06\/TransAlpsRally2021-29juin-0012-1-768x511.jpg 768w, http:\/\/www.trans-alps-rally.com\/wp-content\/uploads\/2021\/06\/TransAlpsRally2021-29juin-0012-1-272x182.jpg 272w, http:\/\/www.trans-alps-rally.com\/wp-content\/uploads\/2021\/06\/TransAlpsRally2021-29juin-0012-1.jpg 1200w\" sizes=\"(max-width: 300px) 100vw, 300px\" \/><\/a>\n\t\t\t<\/dt><\/dl><dl class='gallery-item'>\n\t\t\t<dt class='gallery-icon landscape'>\n\t\t\t\t<a href='http:\/\/www.trans-alps-rally.com\/wp-content\/uploads\/2021\/06\/TransAlpsRally2021-29juin-0015-1.jpg' title=\"\" data-rl_title=\"\" class=\"rl-gallery-link\" data-rl_caption=\"\" data-rel=\"lightbox-gallery-1\"><img width=\"300\" height=\"200\" src=\"http:\/\/www.trans-alps-rally.com\/wp-content\/uploads\/2021\/06\/TransAlpsRally2021-29juin-0015-1-300x200.jpg\" class=\"attachment-medium size-medium\" alt=\"\" decoding=\"async\" loading=\"lazy\" srcset=\"http:\/\/www.trans-alps-rally.com\/wp-content\/uploads\/2021\/06\/TransAlpsRally2021-29juin-0015-1-300x200.jpg 300w, http:\/\/www.trans-alps-rally.com\/wp-content\/uploads\/2021\/06\/TransAlpsRally2021-29juin-0015-1-1024x682.jpg 1024w, http:\/\/www.trans-alps-rally.com\/wp-content\/uploads\/2021\/06\/TransAlpsRally2021-29juin-0015-1-768x511.jpg 768w, http:\/\/www.trans-alps-rally.com\/wp-content\/uploads\/2021\/06\/TransAlpsRally2021-29juin-0015-1-272x182.jpg 272w, http:\/\/www.trans-alps-rally.com\/wp-content\/uploads\/2021\/06\/TransAlpsRally2021-29juin-0015-1.jpg 1200w\" sizes=\"(max-width: 300px) 100vw, 300px\" \/><\/a>\n\t\t\t<\/dt><\/dl><br style=\"clear: both\" \/><dl class='gallery-item'>\n\t\t\t<dt class='gallery-icon landscape'>\n\t\t\t\t<a href='http:\/\/www.trans-alps-rally.com\/wp-content\/uploads\/2021\/06\/TransAlpsRally2021-29juin-0019-1.jpg' title=\"\" data-rl_title=\"\" class=\"rl-gallery-link\" data-rl_caption=\"\" data-rel=\"lightbox-gallery-1\"><img width=\"300\" height=\"200\" src=\"http:\/\/www.trans-alps-rally.com\/wp-content\/uploads\/2021\/06\/TransAlpsRally2021-29juin-0019-1-300x200.jpg\" class=\"attachment-medium size-medium\" alt=\"\" decoding=\"async\" loading=\"lazy\" srcset=\"http:\/\/www.trans-alps-rally.com\/wp-content\/uploads\/2021\/06\/TransAlpsRally2021-29juin-0019-1-300x200.jpg 300w, http:\/\/www.trans-alps-rally.com\/wp-content\/uploads\/2021\/06\/TransAlpsRally2021-29juin-0019-1-1024x682.jpg 1024w, http:\/\/www.trans-alps-rally.com\/wp-content\/uploads\/2021\/06\/TransAlpsRally2021-29juin-0019-1-768x511.jpg 768w, http:\/\/www.trans-alps-rally.com\/wp-content\/uploads\/2021\/06\/TransAlpsRally2021-29juin-0019-1-272x182.jpg 272w, http:\/\/www.trans-alps-rally.com\/wp-content\/uploads\/2021\/06\/TransAlpsRally2021-29juin-0019-1.jpg 1200w\" sizes=\"(max-width: 300px) 100vw, 300px\" \/><\/a>\n\t\t\t<\/dt><\/dl><dl class='gallery-item'>\n\t\t\t<dt class='gallery-icon landscape'>\n\t\t\t\t<a href='http:\/\/www.trans-alps-rally.com\/wp-content\/uploads\/2021\/06\/TransAlpsRally2021-29juin-0022.jpg' title=\"\" data-rl_title=\"\" class=\"rl-gallery-link\" data-rl_caption=\"\" data-rel=\"lightbox-gallery-1\"><img width=\"300\" height=\"200\" src=\"http:\/\/www.trans-alps-rally.com\/wp-content\/uploads\/2021\/06\/TransAlpsRally2021-29juin-0022-300x200.jpg\" class=\"attachment-medium size-medium\" alt=\"\" decoding=\"async\" loading=\"lazy\" srcset=\"http:\/\/www.trans-alps-rally.com\/wp-content\/uploads\/2021\/06\/TransAlpsRally2021-29juin-0022-300x200.jpg 300w, http:\/\/www.trans-alps-rally.com\/wp-content\/uploads\/2021\/06\/TransAlpsRally2021-29juin-0022-1024x682.jpg 1024w, http:\/\/www.trans-alps-rally.com\/wp-content\/uploads\/2021\/06\/TransAlpsRally2021-29juin-0022-768x511.jpg 768w, http:\/\/www.trans-alps-rally.com\/wp-content\/uploads\/2021\/06\/TransAlpsRally2021-29juin-0022-272x182.jpg 272w, http:\/\/www.trans-alps-rally.com\/wp-content\/uploads\/2021\/06\/TransAlpsRally2021-29juin-0022.jpg 1200w\" sizes=\"(max-width: 300px) 100vw, 300px\" \/><\/a>\n\t\t\t<\/dt><\/dl><dl class='gallery-item'>\n\t\t\t<dt class='gallery-icon landscape'>\n\t\t\t\t<a href='http:\/\/www.trans-alps-rally.com\/wp-content\/uploads\/2021\/06\/TransAlpsRally2021-29juin-0024.jpg' title=\"\" data-rl_title=\"\" class=\"rl-gallery-link\" data-rl_caption=\"\" data-rel=\"lightbox-gallery-1\"><img width=\"300\" height=\"200\" src=\"http:\/\/www.trans-alps-rally.com\/wp-content\/uploads\/2021\/06\/TransAlpsRally2021-29juin-0024-300x200.jpg\" class=\"attachment-medium size-medium\" alt=\"\" decoding=\"async\" loading=\"lazy\" srcset=\"http:\/\/www.trans-alps-rally.com\/wp-content\/uploads\/2021\/06\/TransAlpsRally2021-29juin-0024-300x200.jpg 300w, http:\/\/www.trans-alps-rally.com\/wp-content\/uploads\/2021\/06\/TransAlpsRally2021-29juin-0024-1024x682.jpg 1024w, http:\/\/www.trans-alps-rally.com\/wp-content\/uploads\/2021\/06\/TransAlpsRally2021-29juin-0024-768x511.jpg 768w, http:\/\/www.trans-alps-rally.com\/wp-content\/uploads\/2021\/06\/TransAlpsRally2021-29juin-0024-272x182.jpg 272w, http:\/\/www.trans-alps-rally.com\/wp-content\/uploads\/2021\/06\/TransAlpsRally2021-29juin-0024.jpg 1200w\" sizes=\"(max-width: 300px) 100vw, 300px\" \/><\/a>\n\t\t\t<\/dt><\/dl><br style=\"clear: both\" \/><dl class='gallery-item'>\n\t\t\t<dt class='gallery-icon landscape'>\n\t\t\t\t<a href='http:\/\/www.trans-alps-rally.com\/wp-content\/uploads\/2021\/06\/TransAlpsRally2021-29juin-0026.jpg' title=\"\" data-rl_title=\"\" class=\"rl-gallery-link\" data-rl_caption=\"\" data-rel=\"lightbox-gallery-1\"><img width=\"300\" height=\"200\" src=\"http:\/\/www.trans-alps-rally.com\/wp-content\/uploads\/2021\/06\/TransAlpsRally2021-29juin-0026-300x200.jpg\" class=\"attachment-medium size-medium\" alt=\"\" decoding=\"async\" loading=\"lazy\" srcset=\"http:\/\/www.trans-alps-rally.com\/wp-content\/uploads\/2021\/06\/TransAlpsRally2021-29juin-0026-300x200.jpg 300w, http:\/\/www.trans-alps-rally.com\/wp-content\/uploads\/2021\/06\/TransAlpsRally2021-29juin-0026-1024x682.jpg 1024w, http:\/\/www.trans-alps-rally.com\/wp-content\/uploads\/2021\/06\/TransAlpsRally2021-29juin-0026-768x511.jpg 768w, http:\/\/www.trans-alps-rally.com\/wp-content\/uploads\/2021\/06\/TransAlpsRally2021-29juin-0026-272x182.jpg 272w, http:\/\/www.trans-alps-rally.com\/wp-content\/uploads\/2021\/06\/TransAlpsRally2021-29juin-0026.jpg 1200w\" sizes=\"(max-width: 300px) 100vw, 300px\" \/><\/a>\n\t\t\t<\/dt><\/dl><dl class='gallery-item'>\n\t\t\t<dt class='gallery-icon landscape'>\n\t\t\t\t<a href='http:\/\/www.trans-alps-rally.com\/wp-content\/uploads\/2021\/06\/TransAlpsRally2021-29juin-0027.jpg' title=\"\" data-rl_title=\"\" class=\"rl-gallery-link\" data-rl_caption=\"\" data-rel=\"lightbox-gallery-1\"><img width=\"300\" height=\"200\" src=\"http:\/\/www.trans-alps-rally.com\/wp-content\/uploads\/2021\/06\/TransAlpsRally2021-29juin-0027-300x200.jpg\" class=\"attachment-medium size-medium\" alt=\"\" decoding=\"async\" loading=\"lazy\" srcset=\"http:\/\/www.trans-alps-rally.com\/wp-content\/uploads\/2021\/06\/TransAlpsRally2021-29juin-0027-300x200.jpg 300w, http:\/\/www.trans-alps-rally.com\/wp-content\/uploads\/2021\/06\/TransAlpsRally2021-29juin-0027-1024x682.jpg 1024w, http:\/\/www.trans-alps-rally.com\/wp-content\/uploads\/2021\/06\/TransAlpsRally2021-29juin-0027-768x511.jpg 768w, http:\/\/www.trans-alps-rally.com\/wp-content\/uploads\/2021\/06\/TransAlpsRally2021-29juin-0027-272x182.jpg 272w, http:\/\/www.trans-alps-rally.com\/wp-content\/uploads\/2021\/06\/TransAlpsRally2021-29juin-0027.jpg 1200w\" sizes=\"(max-width: 300px) 100vw, 300px\" \/><\/a>\n\t\t\t<\/dt><\/dl><dl class='gallery-item'>\n\t\t\t<dt class='gallery-icon landscape'>\n\t\t\t\t<a href='http:\/\/www.trans-alps-rally.com\/wp-content\/uploads\/2021\/06\/TransAlpsRally2021-29juin-0029.jpg' title=\"\" data-rl_title=\"\" class=\"rl-gallery-link\" data-rl_caption=\"\" data-rel=\"lightbox-gallery-1\"><img width=\"300\" height=\"200\" src=\"http:\/\/www.trans-alps-rally.com\/wp-content\/uploads\/2021\/06\/TransAlpsRally2021-29juin-0029-300x200.jpg\" class=\"attachment-medium size-medium\" alt=\"\" decoding=\"async\" loading=\"lazy\" srcset=\"http:\/\/www.trans-alps-rally.com\/wp-content\/uploads\/2021\/06\/TransAlpsRally2021-29juin-0029-300x200.jpg 300w, http:\/\/www.trans-alps-rally.com\/wp-content\/uploads\/2021\/06\/TransAlpsRally2021-29juin-0029-1024x682.jpg 1024w, http:\/\/www.trans-alps-rally.com\/wp-content\/uploads\/2021\/06\/TransAlpsRally2021-29juin-0029-768x511.jpg 768w, http:\/\/www.trans-alps-rally.com\/wp-content\/uploads\/2021\/06\/TransAlpsRally2021-29juin-0029-272x182.jpg 272w, http:\/\/www.trans-alps-rally.com\/wp-content\/uploads\/2021\/06\/TransAlpsRally2021-29juin-0029.jpg 1200w\" sizes=\"(max-width: 300px) 100vw, 300px\" \/><\/a>\n\t\t\t<\/dt><\/dl><br style=\"clear: both\" \/><dl class='gallery-item'>\n\t\t\t<dt class='gallery-icon landscape'>\n\t\t\t\t<a href='http:\/\/www.trans-alps-rally.com\/wp-content\/uploads\/2021\/06\/TransAlpsRally2021-29juin-0031.jpg' title=\"\" data-rl_title=\"\" class=\"rl-gallery-link\" data-rl_caption=\"\" data-rel=\"lightbox-gallery-1\"><img width=\"300\" height=\"200\" src=\"http:\/\/www.trans-alps-rally.com\/wp-content\/uploads\/2021\/06\/TransAlpsRally2021-29juin-0031-300x200.jpg\" class=\"attachment-medium size-medium\" alt=\"\" decoding=\"async\" loading=\"lazy\" srcset=\"http:\/\/www.trans-alps-rally.com\/wp-content\/uploads\/2021\/06\/TransAlpsRally2021-29juin-0031-300x200.jpg 300w, http:\/\/www.trans-alps-rally.com\/wp-content\/uploads\/2021\/06\/TransAlpsRally2021-29juin-0031-1024x682.jpg 1024w, http:\/\/www.trans-alps-rally.com\/wp-content\/uploads\/2021\/06\/TransAlpsRally2021-29juin-0031-768x511.jpg 768w, http:\/\/www.trans-alps-rally.com\/wp-content\/uploads\/2021\/06\/TransAlpsRally2021-29juin-0031-272x182.jpg 272w, http:\/\/www.trans-alps-rally.com\/wp-content\/uploads\/2021\/06\/TransAlpsRally2021-29juin-0031.jpg 1200w\" sizes=\"(max-width: 300px) 100vw, 300px\" \/><\/a>\n\t\t\t<\/dt><\/dl><dl class='gallery-item'>\n\t\t\t<dt class='gallery-icon landscape'>\n\t\t\t\t<a href='http:\/\/www.trans-alps-rally.com\/wp-content\/uploads\/2021\/06\/TransAlpsRally2021-29juin-0033.jpg' title=\"\" data-rl_title=\"\" class=\"rl-gallery-link\" data-rl_caption=\"\" data-rel=\"lightbox-gallery-1\"><img width=\"300\" height=\"200\" src=\"http:\/\/www.trans-alps-rally.com\/wp-content\/uploads\/2021\/06\/TransAlpsRally2021-29juin-0033-300x200.jpg\" class=\"attachment-medium size-medium\" alt=\"\" decoding=\"async\" loading=\"lazy\" srcset=\"http:\/\/www.trans-alps-rally.com\/wp-content\/uploads\/2021\/06\/TransAlpsRally2021-29juin-0033-300x200.jpg 300w, http:\/\/www.trans-alps-rally.com\/wp-content\/uploads\/2021\/06\/TransAlpsRally2021-29juin-0033-1024x682.jpg 1024w, http:\/\/www.trans-alps-rally.com\/wp-content\/uploads\/2021\/06\/TransAlpsRally2021-29juin-0033-768x511.jpg 768w, http:\/\/www.trans-alps-rally.com\/wp-content\/uploads\/2021\/06\/TransAlpsRally2021-29juin-0033-272x182.jpg 272w, http:\/\/www.trans-alps-rally.com\/wp-content\/uploads\/2021\/06\/TransAlpsRally2021-29juin-0033.jpg 1200w\" sizes=\"(max-width: 300px) 100vw, 300px\" \/><\/a>\n\t\t\t<\/dt><\/dl><dl class='gallery-item'>\n\t\t\t<dt class='gallery-icon landscape'>\n\t\t\t\t<a href='http:\/\/www.trans-alps-rally.com\/wp-content\/uploads\/2021\/06\/TransAlpsRally2021-29juin-0036.jpg' title=\"\" data-rl_title=\"\" class=\"rl-gallery-link\" data-rl_caption=\"\" data-rel=\"lightbox-gallery-1\"><img width=\"300\" height=\"200\" src=\"http:\/\/www.trans-alps-rally.com\/wp-content\/uploads\/2021\/06\/TransAlpsRally2021-29juin-0036-300x200.jpg\" class=\"attachment-medium size-medium\" alt=\"\" decoding=\"async\" loading=\"lazy\" srcset=\"http:\/\/www.trans-alps-rally.com\/wp-content\/uploads\/2021\/06\/TransAlpsRally2021-29juin-0036-300x200.jpg 300w, http:\/\/www.trans-alps-rally.com\/wp-content\/uploads\/2021\/06\/TransAlpsRally2021-29juin-0036-1024x682.jpg 1024w, http:\/\/www.trans-alps-rally.com\/wp-content\/uploads\/2021\/06\/TransAlpsRally2021-29juin-0036-768x511.jpg 768w, http:\/\/www.trans-alps-rally.com\/wp-content\/uploads\/2021\/06\/TransAlpsRally2021-29juin-0036-272x182.jpg 272w, http:\/\/www.trans-alps-rally.com\/wp-content\/uploads\/2021\/06\/TransAlpsRally2021-29juin-0036.jpg 1200w\" sizes=\"(max-width: 300px) 100vw, 300px\" \/><\/a>\n\t\t\t<\/dt><\/dl><br style=\"clear: both\" \/><dl class='gallery-item'>\n\t\t\t<dt class='gallery-icon landscape'>\n\t\t\t\t<a href='http:\/\/www.trans-alps-rally.com\/wp-content\/uploads\/2021\/06\/TransAlpsRally2021-29juin-0038.jpg' title=\"\" data-rl_title=\"\" class=\"rl-gallery-link\" data-rl_caption=\"\" data-rel=\"lightbox-gallery-1\"><img width=\"300\" height=\"200\" src=\"http:\/\/www.trans-alps-rally.com\/wp-content\/uploads\/2021\/06\/TransAlpsRally2021-29juin-0038-300x200.jpg\" class=\"attachment-medium size-medium\" alt=\"\" decoding=\"async\" loading=\"lazy\" srcset=\"http:\/\/www.trans-alps-rally.com\/wp-content\/uploads\/2021\/06\/TransAlpsRally2021-29juin-0038-300x200.jpg 300w, http:\/\/www.trans-alps-rally.com\/wp-content\/uploads\/2021\/06\/TransAlpsRally2021-29juin-0038-1024x682.jpg 1024w, http:\/\/www.trans-alps-rally.com\/wp-content\/uploads\/2021\/06\/TransAlpsRally2021-29juin-0038-768x511.jpg 768w, http:\/\/www.trans-alps-rally.com\/wp-content\/uploads\/2021\/06\/TransAlpsRally2021-29juin-0038-272x182.jpg 272w, http:\/\/www.trans-alps-rally.com\/wp-content\/uploads\/2021\/06\/TransAlpsRally2021-29juin-0038.jpg 1200w\" sizes=\"(max-width: 300px) 100vw, 300px\" \/><\/a>\n\t\t\t<\/dt><\/dl><dl class='gallery-item'>\n\t\t\t<dt class='gallery-icon landscape'>\n\t\t\t\t<a href='http:\/\/www.trans-alps-rally.com\/wp-content\/uploads\/2021\/06\/TransAlpsRally2021-29juin-0041.jpg' title=\"\" data-rl_title=\"\" class=\"rl-gallery-link\" data-rl_caption=\"\" data-rel=\"lightbox-gallery-1\"><img width=\"300\" height=\"200\" src=\"http:\/\/www.trans-alps-rally.com\/wp-content\/uploads\/2021\/06\/TransAlpsRally2021-29juin-0041-300x200.jpg\" class=\"attachment-medium size-medium\" alt=\"\" decoding=\"async\" loading=\"lazy\" srcset=\"http:\/\/www.trans-alps-rally.com\/wp-content\/uploads\/2021\/06\/TransAlpsRally2021-29juin-0041-300x200.jpg 300w, http:\/\/www.trans-alps-rally.com\/wp-content\/uploads\/2021\/06\/TransAlpsRally2021-29juin-0041-1024x682.jpg 1024w, http:\/\/www.trans-alps-rally.com\/wp-content\/uploads\/2021\/06\/TransAlpsRally2021-29juin-0041-768x511.jpg 768w, http:\/\/www.trans-alps-rally.com\/wp-content\/uploads\/2021\/06\/TransAlpsRally2021-29juin-0041-272x182.jpg 272w, http:\/\/www.trans-alps-rally.com\/wp-content\/uploads\/2021\/06\/TransAlpsRally2021-29juin-0041.jpg 1200w\" sizes=\"(max-width: 300px) 100vw, 300px\" \/><\/a>\n\t\t\t<\/dt><\/dl><dl class='gallery-item'>\n\t\t\t<dt class='gallery-icon landscape'>\n\t\t\t\t<a href='http:\/\/www.trans-alps-rally.com\/wp-content\/uploads\/2021\/06\/TransAlpsRally2021-29juin-0043.jpg' title=\"\" data-rl_title=\"\" class=\"rl-gallery-link\" data-rl_caption=\"\" data-rel=\"lightbox-gallery-1\"><img width=\"300\" height=\"200\" src=\"http:\/\/www.trans-alps-rally.com\/wp-content\/uploads\/2021\/06\/TransAlpsRally2021-29juin-0043-300x200.jpg\" class=\"attachment-medium size-medium\" alt=\"\" decoding=\"async\" loading=\"lazy\" srcset=\"http:\/\/www.trans-alps-rally.com\/wp-content\/uploads\/2021\/06\/TransAlpsRally2021-29juin-0043-300x200.jpg 300w, http:\/\/www.trans-alps-rally.com\/wp-content\/uploads\/2021\/06\/TransAlpsRally2021-29juin-0043-1024x682.jpg 1024w, http:\/\/www.trans-alps-rally.com\/wp-content\/uploads\/2021\/06\/TransAlpsRally2021-29juin-0043-768x511.jpg 768w, http:\/\/www.trans-alps-rally.com\/wp-content\/uploads\/2021\/06\/TransAlpsRally2021-29juin-0043-272x182.jpg 272w, http:\/\/www.trans-alps-rally.com\/wp-content\/uploads\/2021\/06\/TransAlpsRally2021-29juin-0043.jpg 1200w\" sizes=\"(max-width: 300px) 100vw, 300px\" \/><\/a>\n\t\t\t<\/dt><\/dl><br style=\"clear: both\" \/><dl class='gallery-item'>\n\t\t\t<dt class='gallery-icon landscape'>\n\t\t\t\t<a href='http:\/\/www.trans-alps-rally.com\/wp-content\/uploads\/2021\/06\/TransAlpsRally2021-29juin-0045.jpg' title=\"\" data-rl_title=\"\" class=\"rl-gallery-link\" data-rl_caption=\"\" data-rel=\"lightbox-gallery-1\"><img width=\"300\" height=\"200\" src=\"http:\/\/www.trans-alps-rally.com\/wp-content\/uploads\/2021\/06\/TransAlpsRally2021-29juin-0045-300x200.jpg\" class=\"attachment-medium size-medium\" alt=\"\" decoding=\"async\" loading=\"lazy\" srcset=\"http:\/\/www.trans-alps-rally.com\/wp-content\/uploads\/2021\/06\/TransAlpsRally2021-29juin-0045-300x200.jpg 300w, http:\/\/www.trans-alps-rally.com\/wp-content\/uploads\/2021\/06\/TransAlpsRally2021-29juin-0045-1024x682.jpg 1024w, http:\/\/www.trans-alps-rally.com\/wp-content\/uploads\/2021\/06\/TransAlpsRally2021-29juin-0045-768x511.jpg 768w, http:\/\/www.trans-alps-rally.com\/wp-content\/uploads\/2021\/06\/TransAlpsRally2021-29juin-0045-272x182.jpg 272w, http:\/\/www.trans-alps-rally.com\/wp-content\/uploads\/2021\/06\/TransAlpsRally2021-29juin-0045.jpg 1200w\" sizes=\"(max-width: 300px) 100vw, 300px\" \/><\/a>\n\t\t\t<\/dt><\/dl><dl class='gallery-item'>\n\t\t\t<dt class='gallery-icon landscape'>\n\t\t\t\t<a href='http:\/\/www.trans-alps-rally.com\/wp-content\/uploads\/2021\/06\/TransAlpsRally2021-29juin-0047.jpg' title=\"\" data-rl_title=\"\" class=\"rl-gallery-link\" data-rl_caption=\"\" data-rel=\"lightbox-gallery-1\"><img width=\"300\" height=\"200\" src=\"http:\/\/www.trans-alps-rally.com\/wp-content\/uploads\/2021\/06\/TransAlpsRally2021-29juin-0047-300x200.jpg\" class=\"attachment-medium size-medium\" alt=\"\" decoding=\"async\" loading=\"lazy\" srcset=\"http:\/\/www.trans-alps-rally.com\/wp-content\/uploads\/2021\/06\/TransAlpsRally2021-29juin-0047-300x200.jpg 300w, http:\/\/www.trans-alps-rally.com\/wp-content\/uploads\/2021\/06\/TransAlpsRally2021-29juin-0047-1024x682.jpg 1024w, http:\/\/www.trans-alps-rally.com\/wp-content\/uploads\/2021\/06\/TransAlpsRally2021-29juin-0047-768x511.jpg 768w, http:\/\/www.trans-alps-rally.com\/wp-content\/uploads\/2021\/06\/TransAlpsRally2021-29juin-0047-272x182.jpg 272w, http:\/\/www.trans-alps-rally.com\/wp-content\/uploads\/2021\/06\/TransAlpsRally2021-29juin-0047.jpg 1200w\" sizes=\"(max-width: 300px) 100vw, 300px\" \/><\/a>\n\t\t\t<\/dt><\/dl><dl class='gallery-item'>\n\t\t\t<dt class='gallery-icon landscape'>\n\t\t\t\t<a href='http:\/\/www.trans-alps-rally.com\/wp-content\/uploads\/2021\/06\/TransAlpsRally2021-29juin-0050.jpg' title=\"\" data-rl_title=\"\" class=\"rl-gallery-link\" data-rl_caption=\"\" data-rel=\"lightbox-gallery-1\"><img width=\"300\" height=\"200\" src=\"http:\/\/www.trans-alps-rally.com\/wp-content\/uploads\/2021\/06\/TransAlpsRally2021-29juin-0050-300x200.jpg\" class=\"attachment-medium size-medium\" alt=\"\" decoding=\"async\" loading=\"lazy\" srcset=\"http:\/\/www.trans-alps-rally.com\/wp-content\/uploads\/2021\/06\/TransAlpsRally2021-29juin-0050-300x200.jpg 300w, http:\/\/www.trans-alps-rally.com\/wp-content\/uploads\/2021\/06\/TransAlpsRally2021-29juin-0050-1024x682.jpg 1024w, http:\/\/www.trans-alps-rally.com\/wp-content\/uploads\/2021\/06\/TransAlpsRally2021-29juin-0050-768x511.jpg 768w, http:\/\/www.trans-alps-rally.com\/wp-content\/uploads\/2021\/06\/TransAlpsRally2021-29juin-0050-272x182.jpg 272w, http:\/\/www.trans-alps-rally.com\/wp-content\/uploads\/2021\/06\/TransAlpsRally2021-29juin-0050.jpg 1200w\" sizes=\"(max-width: 300px) 100vw, 300px\" \/><\/a>\n\t\t\t<\/dt><\/dl><br style=\"clear: both\" \/><dl class='gallery-item'>\n\t\t\t<dt class='gallery-icon landscape'>\n\t\t\t\t<a href='http:\/\/www.trans-alps-rally.com\/wp-content\/uploads\/2021\/06\/TransAlpsRally2021-29juin-0052.jpg' title=\"\" data-rl_title=\"\" class=\"rl-gallery-link\" data-rl_caption=\"\" data-rel=\"lightbox-gallery-1\"><img width=\"300\" height=\"200\" src=\"http:\/\/www.trans-alps-rally.com\/wp-content\/uploads\/2021\/06\/TransAlpsRally2021-29juin-0052-300x200.jpg\" class=\"attachment-medium size-medium\" alt=\"\" decoding=\"async\" loading=\"lazy\" srcset=\"http:\/\/www.trans-alps-rally.com\/wp-content\/uploads\/2021\/06\/TransAlpsRally2021-29juin-0052-300x200.jpg 300w, http:\/\/www.trans-alps-rally.com\/wp-content\/uploads\/2021\/06\/TransAlpsRally2021-29juin-0052-1024x682.jpg 1024w, http:\/\/www.trans-alps-rally.com\/wp-content\/uploads\/2021\/06\/TransAlpsRally2021-29juin-0052-768x511.jpg 768w, http:\/\/www.trans-alps-rally.com\/wp-content\/uploads\/2021\/06\/TransAlpsRally2021-29juin-0052-272x182.jpg 272w, http:\/\/www.trans-alps-rally.com\/wp-content\/uploads\/2021\/06\/TransAlpsRally2021-29juin-0052.jpg 1200w\" sizes=\"(max-width: 300px) 100vw, 300px\" \/><\/a>\n\t\t\t<\/dt><\/dl><dl class='gallery-item'>\n\t\t\t<dt class='gallery-icon landscape'>\n\t\t\t\t<a href='http:\/\/www.trans-alps-rally.com\/wp-content\/uploads\/2021\/06\/TransAlpsRally2021-29juin-0054.jpg' title=\"\" data-rl_title=\"\" class=\"rl-gallery-link\" data-rl_caption=\"\" data-rel=\"lightbox-gallery-1\"><img width=\"300\" height=\"200\" src=\"http:\/\/www.trans-alps-rally.com\/wp-content\/uploads\/2021\/06\/TransAlpsRally2021-29juin-0054-300x200.jpg\" class=\"attachment-medium size-medium\" alt=\"\" decoding=\"async\" loading=\"lazy\" srcset=\"http:\/\/www.trans-alps-rally.com\/wp-content\/uploads\/2021\/06\/TransAlpsRally2021-29juin-0054-300x200.jpg 300w, http:\/\/www.trans-alps-rally.com\/wp-content\/uploads\/2021\/06\/TransAlpsRally2021-29juin-0054-1024x682.jpg 1024w, http:\/\/www.trans-alps-rally.com\/wp-content\/uploads\/2021\/06\/TransAlpsRally2021-29juin-0054-768x511.jpg 768w, http:\/\/www.trans-alps-rally.com\/wp-content\/uploads\/2021\/06\/TransAlpsRally2021-29juin-0054-272x182.jpg 272w, http:\/\/www.trans-alps-rally.com\/wp-content\/uploads\/2021\/06\/TransAlpsRally2021-29juin-0054.jpg 1200w\" sizes=\"(max-width: 300px) 100vw, 300px\" \/><\/a>\n\t\t\t<\/dt><\/dl><dl class='gallery-item'>\n\t\t\t<dt class='gallery-icon landscape'>\n\t\t\t\t<a href='http:\/\/www.trans-alps-rally.com\/wp-content\/uploads\/2021\/06\/TransAlpsRally2021-29juin-0055.jpg' title=\"\" data-rl_title=\"\" class=\"rl-gallery-link\" data-rl_caption=\"\" data-rel=\"lightbox-gallery-1\"><img width=\"300\" height=\"200\" src=\"http:\/\/www.trans-alps-rally.com\/wp-content\/uploads\/2021\/06\/TransAlpsRally2021-29juin-0055-300x200.jpg\" class=\"attachment-medium size-medium\" alt=\"\" decoding=\"async\" loading=\"lazy\" srcset=\"http:\/\/www.trans-alps-rally.com\/wp-content\/uploads\/2021\/06\/TransAlpsRally2021-29juin-0055-300x200.jpg 300w, http:\/\/www.trans-alps-rally.com\/wp-content\/uploads\/2021\/06\/TransAlpsRally2021-29juin-0055-1024x682.jpg 1024w, http:\/\/www.trans-alps-rally.com\/wp-content\/uploads\/2021\/06\/TransAlpsRally2021-29juin-0055-768x511.jpg 768w, http:\/\/www.trans-alps-rally.com\/wp-content\/uploads\/2021\/06\/TransAlpsRally2021-29juin-0055-272x182.jpg 272w, http:\/\/www.trans-alps-rally.com\/wp-content\/uploads\/2021\/06\/TransAlpsRally2021-29juin-0055.jpg 1200w\" sizes=\"(max-width: 300px) 100vw, 300px\" \/><\/a>\n\t\t\t<\/dt><\/dl><br style=\"clear: both\" \/><dl class='gallery-item'>\n\t\t\t<dt class='gallery-icon landscape'>\n\t\t\t\t<a href='http:\/\/www.trans-alps-rally.com\/wp-content\/uploads\/2021\/06\/TransAlpsRally2021-29juin-0057.jpg' title=\"\" data-rl_title=\"\" class=\"rl-gallery-link\" data-rl_caption=\"\" data-rel=\"lightbox-gallery-1\"><img width=\"300\" height=\"200\" src=\"http:\/\/www.trans-alps-rally.com\/wp-content\/uploads\/2021\/06\/TransAlpsRally2021-29juin-0057-300x200.jpg\" class=\"attachment-medium size-medium\" alt=\"\" decoding=\"async\" loading=\"lazy\" srcset=\"http:\/\/www.trans-alps-rally.com\/wp-content\/uploads\/2021\/06\/TransAlpsRally2021-29juin-0057-300x200.jpg 300w, http:\/\/www.trans-alps-rally.com\/wp-content\/uploads\/2021\/06\/TransAlpsRally2021-29juin-0057-1024x682.jpg 1024w, http:\/\/www.trans-alps-rally.com\/wp-content\/uploads\/2021\/06\/TransAlpsRally2021-29juin-0057-768x511.jpg 768w, http:\/\/www.trans-alps-rally.com\/wp-content\/uploads\/2021\/06\/TransAlpsRally2021-29juin-0057-272x182.jpg 272w, http:\/\/www.trans-alps-rally.com\/wp-content\/uploads\/2021\/06\/TransAlpsRally2021-29juin-0057.jpg 1200w\" sizes=\"(max-width: 300px) 100vw, 300px\" \/><\/a>\n\t\t\t<\/dt><\/dl><dl class='gallery-item'>\n\t\t\t<dt class='gallery-icon landscape'>\n\t\t\t\t<a href='http:\/\/www.trans-alps-rally.com\/wp-content\/uploads\/2021\/06\/TransAlpsRally2021-29juin-0059.jpg' title=\"\" data-rl_title=\"\" class=\"rl-gallery-link\" data-rl_caption=\"\" data-rel=\"lightbox-gallery-1\"><img width=\"300\" height=\"200\" src=\"http:\/\/www.trans-alps-rally.com\/wp-content\/uploads\/2021\/06\/TransAlpsRally2021-29juin-0059-300x200.jpg\" class=\"attachment-medium size-medium\" alt=\"\" decoding=\"async\" loading=\"lazy\" srcset=\"http:\/\/www.trans-alps-rally.com\/wp-content\/uploads\/2021\/06\/TransAlpsRally2021-29juin-0059-300x200.jpg 300w, http:\/\/www.trans-alps-rally.com\/wp-content\/uploads\/2021\/06\/TransAlpsRally2021-29juin-0059-1024x682.jpg 1024w, http:\/\/www.trans-alps-rally.com\/wp-content\/uploads\/2021\/06\/TransAlpsRally2021-29juin-0059-768x511.jpg 768w, http:\/\/www.trans-alps-rally.com\/wp-content\/uploads\/2021\/06\/TransAlpsRally2021-29juin-0059-272x182.jpg 272w, http:\/\/www.trans-alps-rally.com\/wp-content\/uploads\/2021\/06\/TransAlpsRally2021-29juin-0059.jpg 1200w\" sizes=\"(max-width: 300px) 100vw, 300px\" \/><\/a>\n\t\t\t<\/dt><\/dl><dl class='gallery-item'>\n\t\t\t<dt class='gallery-icon landscape'>\n\t\t\t\t<a href='http:\/\/www.trans-alps-rally.com\/wp-content\/uploads\/2021\/06\/TransAlpsRally2021-29juin-0061.jpg' title=\"\" data-rl_title=\"\" class=\"rl-gallery-link\" data-rl_caption=\"\" data-rel=\"lightbox-gallery-1\"><img width=\"300\" height=\"200\" src=\"http:\/\/www.trans-alps-rally.com\/wp-content\/uploads\/2021\/06\/TransAlpsRally2021-29juin-0061-300x200.jpg\" class=\"attachment-medium size-medium\" alt=\"\" decoding=\"async\" loading=\"lazy\" srcset=\"http:\/\/www.trans-alps-rally.com\/wp-content\/uploads\/2021\/06\/TransAlpsRally2021-29juin-0061-300x200.jpg 300w, http:\/\/www.trans-alps-rally.com\/wp-content\/uploads\/2021\/06\/TransAlpsRally2021-29juin-0061-1024x682.jpg 1024w, http:\/\/www.trans-alps-rally.com\/wp-content\/uploads\/2021\/06\/TransAlpsRally2021-29juin-0061-768x511.jpg 768w, http:\/\/www.trans-alps-rally.com\/wp-content\/uploads\/2021\/06\/TransAlpsRally2021-29juin-0061-272x182.jpg 272w, http:\/\/www.trans-alps-rally.com\/wp-content\/uploads\/2021\/06\/TransAlpsRally2021-29juin-0061.jpg 1200w\" sizes=\"(max-width: 300px) 100vw, 300px\" \/><\/a>\n\t\t\t<\/dt><\/dl><br style=\"clear: both\" \/>\n\t\t<\/div>\n\r\n\r\n<div class=\"su-spacer\" style=\"height:30px\"><\/div>","protected":false},"excerpt":{"rendered":"<p>30 june: STAGE 1 \/ KITZB\u00dcHEL &#8211; KITZB\u00dcHEL The first stage of the Trans-Alps Rally, looping around Kitzb\u00fchel, offered a route leading first to Zell am See, stronghold of the Porsche dynasty where Ferdinand and Ferry Porsche are based and where the Porsche Design studio has also been established for many years. This passage through [&hellip;]<\/p>\n","protected":false},"author":6,"featured_media":6662,"comment_status":"closed","ping_status":"closed","sticky":false,"template":"","format":"standard","meta":[],"categories":[4,52],"tags":[],"translation":{"provider":"WPGlobus","version":"2.12.2","language":"en","enabled_languages":["fr","en"],"languages":{"fr":{"title":true,"content":true,"excerpt":false},"en":{"title":true,"content":true,"excerpt":false}}},"yoast_head":"<!-- This site is optimized with the Yoast SEO plugin v20.10 - https:\/\/yoast.com\/wordpress\/plugins\/seo\/ -->\n<title>30 june: STAGE 1 \/ KITZB\u00dcHEL - KITZB\u00dcHEL - Trans Alps Rally<\/title>\n<meta name=\"robots\" content=\"index, follow, max-snippet:-1, max-image-preview:large, max-video-preview:-1\" \/>\n<link rel=\"canonical\" href=\"http:\/\/www.trans-alps-rally.com\/etape-1-kitzbuhel-kitzbuhel\/\" \/>\n<meta property=\"og:locale\" content=\"en_US\" \/>\n<meta property=\"og:type\" content=\"article\" \/>\n<meta property=\"og:title\" content=\"30 june: STAGE 1 \/ KITZB\u00dcHEL - KITZB\u00dcHEL - Trans Alps Rally\" \/>\n<meta property=\"og:url\" content=\"http:\/\/www.trans-alps-rally.com\/etape-1-kitzbuhel-kitzbuhel\/\" \/>\n<meta property=\"og:site_name\" content=\"Trans Alps Rally\" \/>\n<meta property=\"article:published_time\" content=\"2021-07-01T18:38:40+00:00\" \/>\n<meta property=\"article:modified_time\" content=\"2022-09-28T14:09:27+00:00\" \/>\n<meta property=\"og:image\" content=\"http:\/\/www.trans-alps-rally.com\/wp-content\/uploads\/2021\/06\/TransAlpsRally2021-30juin-0007.jpg\" \/>\n\t<meta property=\"og:image:width\" content=\"1920\" \/>\n\t<meta property=\"og:image:height\" content=\"700\" \/>\n\t<meta property=\"og:image:type\" content=\"image\/jpeg\" \/>\n<meta name=\"author\" content=\"CNP Team\" \/>\n<meta name=\"twitter:card\" content=\"summary_large_image\" \/>\n<meta name=\"twitter:label1\" content=\"Written by\" \/>\n\t<meta name=\"twitter:data1\" content=\"CNP Team\" \/>\n\t<meta name=\"twitter:label2\" content=\"Est. reading time\" \/>\n\t<meta name=\"twitter:data2\" content=\"5 minutes\" \/>\n<script type=\"application\/ld+json\" class=\"yoast-schema-graph\">{\"@context\":\"https:\/\/schema.org\",\"@graph\":[{\"@type\":\"WebPage\",\"@id\":\"http:\/\/www.trans-alps-rally.com\/etape-1-kitzbuhel-kitzbuhel\/\",\"url\":\"http:\/\/www.trans-alps-rally.com\/etape-1-kitzbuhel-kitzbuhel\/\",\"name\":\"30 june: STAGE 1 \/ KITZB\u00dcHEL - KITZB\u00dcHEL - Trans Alps Rally\",\"isPartOf\":{\"@id\":\"http:\/\/www.trans-alps-rally.com\/#website\"},\"datePublished\":\"2021-07-01T18:38:40+00:00\",\"dateModified\":\"2022-09-28T14:09:27+00:00\",\"author\":{\"@id\":\"http:\/\/www.trans-alps-rally.com\/#\/schema\/person\/959e99963089e5a8b1c14cdbf569b3c1\"},\"breadcrumb\":{\"@id\":\"http:\/\/www.trans-alps-rally.com\/etape-1-kitzbuhel-kitzbuhel\/#breadcrumb\"},\"inLanguage\":\"en-US\",\"potentialAction\":[{\"@type\":\"ReadAction\",\"target\":[\"http:\/\/www.trans-alps-rally.com\/etape-1-kitzbuhel-kitzbuhel\/\"]}]},{\"@type\":\"BreadcrumbList\",\"@id\":\"http:\/\/www.trans-alps-rally.com\/etape-1-kitzbuhel-kitzbuhel\/#breadcrumb\",\"itemListElement\":[{\"@type\":\"ListItem\",\"position\":1,\"name\":\"Accueil\",\"item\":\"http:\/\/www.trans-alps-rally.com\/\"},{\"@type\":\"ListItem\",\"position\":2,\"name\":\"ETAPE 1 \/ KITZB\u00dcHEL &#8211; KITZB\u00dcHEL\"}]},{\"@type\":\"WebSite\",\"@id\":\"http:\/\/www.trans-alps-rally.com\/#website\",\"url\":\"http:\/\/www.trans-alps-rally.com\/\",\"name\":\"Trans Alps Rally\",\"description\":\"\",\"potentialAction\":[{\"@type\":\"SearchAction\",\"target\":{\"@type\":\"EntryPoint\",\"urlTemplate\":\"http:\/\/www.trans-alps-rally.com\/?s={search_term_string}\"},\"query-input\":\"required name=search_term_string\"}],\"inLanguage\":\"en-US\"},{\"@type\":\"Person\",\"@id\":\"http:\/\/www.trans-alps-rally.com\/#\/schema\/person\/959e99963089e5a8b1c14cdbf569b3c1\",\"name\":\"CNP Team\",\"image\":{\"@type\":\"ImageObject\",\"inLanguage\":\"en-US\",\"@id\":\"http:\/\/www.trans-alps-rally.com\/#\/schema\/person\/image\/\",\"url\":\"http:\/\/2.gravatar.com\/avatar\/e408c6980649c4bcae248eeb804634e6?s=96&d=mm&r=g\",\"contentUrl\":\"http:\/\/2.gravatar.com\/avatar\/e408c6980649c4bcae248eeb804634e6?s=96&d=mm&r=g\",\"caption\":\"CNP Team\"},\"url\":\"http:\/\/www.trans-alps-rally.com\/en\/author\/aurelien\/\"}]}<\/script>\n<!-- \/ Yoast SEO plugin. -->","yoast_head_json":{"title":"30 june: STAGE 1 \/ KITZB\u00dcHEL - KITZB\u00dcHEL - Trans Alps Rally","robots":{"index":"index","follow":"follow","max-snippet":"max-snippet:-1","max-image-preview":"max-image-preview:large","max-video-preview":"max-video-preview:-1"},"canonical":"http:\/\/www.trans-alps-rally.com\/etape-1-kitzbuhel-kitzbuhel\/","og_locale":"en_US","og_type":"article","og_title":"30 june: STAGE 1 \/ KITZB\u00dcHEL - KITZB\u00dcHEL - Trans Alps Rally","og_url":"http:\/\/www.trans-alps-rally.com\/etape-1-kitzbuhel-kitzbuhel\/","og_site_name":"Trans Alps Rally","article_published_time":"2021-07-01T18:38:40+00:00","article_modified_time":"2022-09-28T14:09:27+00:00","og_image":[{"width":1920,"height":700,"url":"http:\/\/www.trans-alps-rally.com\/wp-content\/uploads\/2021\/06\/TransAlpsRally2021-30juin-0007.jpg","type":"image\/jpeg"}],"author":"CNP Team","twitter_card":"summary_large_image","twitter_misc":{"Written by":"CNP Team","Est. reading time":"5 minutes"},"schema":{"@context":"https:\/\/schema.org","@graph":[{"@type":"WebPage","@id":"http:\/\/www.trans-alps-rally.com\/etape-1-kitzbuhel-kitzbuhel\/","url":"http:\/\/www.trans-alps-rally.com\/etape-1-kitzbuhel-kitzbuhel\/","name":"30 june: STAGE 1 \/ KITZB\u00dcHEL - KITZB\u00dcHEL - Trans Alps Rally","isPartOf":{"@id":"http:\/\/www.trans-alps-rally.com\/#website"},"datePublished":"2021-07-01T18:38:40+00:00","dateModified":"2022-09-28T14:09:27+00:00","author":{"@id":"http:\/\/www.trans-alps-rally.com\/#\/schema\/person\/959e99963089e5a8b1c14cdbf569b3c1"},"breadcrumb":{"@id":"http:\/\/www.trans-alps-rally.com\/etape-1-kitzbuhel-kitzbuhel\/#breadcrumb"},"inLanguage":"en-US","potentialAction":[{"@type":"ReadAction","target":["http:\/\/www.trans-alps-rally.com\/etape-1-kitzbuhel-kitzbuhel\/"]}]},{"@type":"BreadcrumbList","@id":"http:\/\/www.trans-alps-rally.com\/etape-1-kitzbuhel-kitzbuhel\/#breadcrumb","itemListElement":[{"@type":"ListItem","position":1,"name":"Accueil","item":"http:\/\/www.trans-alps-rally.com\/"},{"@type":"ListItem","position":2,"name":"ETAPE 1 \/ KITZB\u00dcHEL &#8211; KITZB\u00dcHEL"}]},{"@type":"WebSite","@id":"http:\/\/www.trans-alps-rally.com\/#website","url":"http:\/\/www.trans-alps-rally.com\/","name":"Trans Alps Rally","description":"","potentialAction":[{"@type":"SearchAction","target":{"@type":"EntryPoint","urlTemplate":"http:\/\/www.trans-alps-rally.com\/?s={search_term_string}"},"query-input":"required name=search_term_string"}],"inLanguage":"en-US"},{"@type":"Person","@id":"http:\/\/www.trans-alps-rally.com\/#\/schema\/person\/959e99963089e5a8b1c14cdbf569b3c1","name":"CNP Team","image":{"@type":"ImageObject","inLanguage":"en-US","@id":"http:\/\/www.trans-alps-rally.com\/#\/schema\/person\/image\/","url":"http:\/\/2.gravatar.com\/avatar\/e408c6980649c4bcae248eeb804634e6?s=96&d=mm&r=g","contentUrl":"http:\/\/2.gravatar.com\/avatar\/e408c6980649c4bcae248eeb804634e6?s=96&d=mm&r=g","caption":"CNP Team"},"url":"http:\/\/www.trans-alps-rally.com\/en\/author\/aurelien\/"}]}},"_links":{"self":[{"href":"http:\/\/www.trans-alps-rally.com\/en\/wp-json\/wp\/v2\/posts\/6672"}],"collection":[{"href":"http:\/\/www.trans-alps-rally.com\/en\/wp-json\/wp\/v2\/posts"}],"about":[{"href":"http:\/\/www.trans-alps-rally.com\/en\/wp-json\/wp\/v2\/types\/post"}],"author":[{"embeddable":true,"href":"http:\/\/www.trans-alps-rally.com\/en\/wp-json\/wp\/v2\/users\/6"}],"replies":[{"embeddable":true,"href":"http:\/\/www.trans-alps-rally.com\/en\/wp-json\/wp\/v2\/comments?post=6672"}],"version-history":[{"count":0,"href":"http:\/\/www.trans-alps-rally.com\/en\/wp-json\/wp\/v2\/posts\/6672\/revisions"}],"wp:featuredmedia":[{"embeddable":true,"href":"http:\/\/www.trans-alps-rally.com\/en\/wp-json\/wp\/v2\/media\/6662"}],"wp:attachment":[{"href":"http:\/\/www.trans-alps-rally.com\/en\/wp-json\/wp\/v2\/media?parent=6672"}],"wp:term":[{"taxonomy":"category","embeddable":true,"href":"http:\/\/www.trans-alps-rally.com\/en\/wp-json\/wp\/v2\/categories?post=6672"},{"taxonomy":"post_tag","embeddable":true,"href":"http:\/\/www.trans-alps-rally.com\/en\/wp-json\/wp\/v2\/tags?post=6672"}],"curies":[{"name":"wp","href":"https:\/\/api.w.org\/{rel}","templated":true}]}}